{"id":213,"date":"2022-09-14T10:25:08","date_gmt":"2022-09-14T08:25:08","guid":{"rendered":"https:\/\/foerderverein-stueps-westig.de\/?p=213"},"modified":"2022-09-14T10:25:08","modified_gmt":"2022-09-14T08:25:08","slug":"troedelmarkt-am-18-september-bei-opel-bichmann","status":"publish","type":"post","link":"https:\/\/foerderverein-stueps-westig.de\/?p=213","title":{"rendered":"Tr\u00f6delmarkt am 18. September bei Opel Bichmann"},"content":{"rendered":"\n<p>Der F\u00f6rderverein ST\u00dcPS Westig e.V. freut sich auf seinen traditionellen Tr\u00f6delmarkt auf dem Parkplatz bei Opel Bichmann in Westig am kommenden Sonntag, 18.09.2022.<\/p>\n\n\n\n<p>Wer noch dabei sein m\u00f6chte sollte sich schnellstm\u00f6glich \u00fcber <a href=\"mailto:troedel@foerderverein-stueps-westig.de\">troedel@foerderverein-stueps-westig.de<\/a> anmelden.<\/p>\n\n\n\n<p>Die Standgeb\u00fchr betr\u00e4gt 12 \u20ac (selbst mitgebrachter Tisch, 3m). Eine zus\u00e4tzliche Kleiderstange kostet 4 \u20ac.<\/p>\n\n\n\n<p>Je Stand muss ein Kuchen oder Muffins f\u00fcr das Kuchenbuffet gespendet werden.<\/p>\n\n\n\n<p>Mit der Standgeb\u00fchr wird die Arbeit des F\u00f6rdervereins und somit die Kita-Kinder unterst\u00fctzt!<\/p>\n\n\n\n<p>Der F\u00f6rderverein hofft auf zahlreiche TeilnehmerInnen und BesucherInnen.<\/p>\n\n\n\n<figure class=\"wp-block-image size-large is-resized\"><img loading=\"lazy\" decoding=\"async\" src=\"https:\/\/foerderverein-stueps-westig.de\/wp-content\/uploads\/2022\/09\/Troedelmarkt-FV-STUePS-Westig-2022-743x1024.jpg\" alt=\"\" class=\"wp-image-216\" width=\"372\" height=\"512\" srcset=\"https:\/\/foerderverein-stueps-westig.de\/wp-content\/uploads\/2022\/09\/Troedelmarkt-FV-STUePS-Westig-2022-743x1024.jpg 743w, https:\/\/foerderverein-stueps-westig.de\/wp-content\/uploads\/2022\/09\/Troedelmarkt-FV-STUePS-Westig-2022-218x300.jpg 218w, https:\/\/foerderverein-stueps-westig.de\/wp-content\/uploads\/2022\/09\/Troedelmarkt-FV-STUePS-Westig-2022-768x1058.jpg 768w, https:\/\/foerderverein-stueps-westig.de\/wp-content\/uploads\/2022\/09\/Troedelmarkt-FV-STUePS-Westig-2022-1115x1536.jpg 1115w, https:\/\/foerderverein-stueps-westig.de\/wp-content\/uploads\/2022\/09\/Troedelmarkt-FV-STUePS-Westig-2022-196x270.jpg 196w, https:\/\/foerderverein-stueps-westig.de\/wp-content\/uploads\/2022\/09\/Troedelmarkt-FV-STUePS-Westig-2022.jpg 1161w\" sizes=\"auto, (max-width: 372px) 100vw, 372px\" \/><\/figure>\n","protected":false},"excerpt":{"rendered":"<p>Der F\u00f6rderverein ST\u00dcPS Westig e.V. freut sich auf seinen traditionellen Tr\u00f6delmarkt auf dem Parkplatz bei Opel Bichmann in Westig am kommenden Sonntag, 18.09.2022. Wer noch dabei sein m\u00f6chte sollte sich schnellstm\u00f6glich \u00fcber troedel@foerderverein-stueps-westig.de anmelden. Die Standgeb\u00fchr betr\u00e4gt 12 \u20ac (selbst mitgebrachter Tisch, 3m). Eine zus\u00e4tzliche Kleiderstange kostet 4 \u20ac. Je Stand muss ein Kuchen oder &hellip; <\/p>\n<p class=\"read-more\"><a class=\"btn btn-default\" href=\"https:\/\/foerderverein-stueps-westig.de\/?p=213\"> Read More<span class=\"screen-reader-text\">  Read More<\/span><\/a><\/p>\n","protected":false},"author":1,"featured_media":0,"comment_status":"open","ping_status":"open","sticky":false,"template":"","format":"standard","meta":{"footnotes":""},"categories":[1],"tags":[],"class_list":["post-213","post","type-post","status-publish","format-standard","hentry","category-allgemein"],"_links":{"self":[{"href":"https:\/\/foerderverein-stueps-westig.de\/index.php?rest_route=\/wp\/v2\/posts\/213","targetHints":{"allow":["GET"]}}],"collection":[{"href":"https:\/\/foerderverein-stueps-westig.de\/index.php?rest_route=\/wp\/v2\/posts"}],"about":[{"href":"https:\/\/foerderverein-stueps-westig.de\/index.php?rest_route=\/wp\/v2\/types\/post"}],"author":[{"embeddable":true,"href":"https:\/\/foerderverein-stueps-westig.de\/index.php?rest_route=\/wp\/v2\/users\/1"}],"replies":[{"embeddable":true,"href":"https:\/\/foerderverein-stueps-westig.de\/index.php?rest_route=%2Fwp%2Fv2%2Fcomments&post=213"}],"version-history":[{"count":2,"href":"https:\/\/foerderverein-stueps-westig.de\/index.php?rest_route=\/wp\/v2\/posts\/213\/revisions"}],"predecessor-version":[{"id":217,"href":"https:\/\/foerderverein-stueps-westig.de\/index.php?rest_route=\/wp\/v2\/posts\/213\/revisions\/217"}],"wp:attachment":[{"href":"https:\/\/foerderverein-stueps-westig.de\/index.php?rest_route=%2Fwp%2Fv2%2Fmedia&parent=213"}],"wp:term":[{"taxonomy":"category","embeddable":true,"href":"https:\/\/foerderverein-stueps-westig.de\/index.php?rest_route=%2Fwp%2Fv2%2Fcategories&post=213"},{"taxonomy":"post_tag","embeddable":true,"href":"https:\/\/foerderverein-stueps-westig.de\/index.php?rest_route=%2Fwp%2Fv2%2Ftags&post=213"}],"curies":[{"name":"wp","href":"https:\/\/api.w.org\/{rel}","templated":true}]}}