{"id":262,"date":"2025-11-15T15:47:00","date_gmt":"2025-11-15T14:47:00","guid":{"rendered":"https:\/\/foerderverein-stueps-westig.de\/?p=262"},"modified":"2025-11-15T15:47:00","modified_gmt":"2025-11-15T14:47:00","slug":"buechertausch-schrank","status":"publish","type":"post","link":"https:\/\/foerderverein-stueps-westig.de\/?p=262","title":{"rendered":"B\u00fcchertausch-Schrank"},"content":{"rendered":"\n<p>Liebe Mitglieder, Freunde und F\u00f6rderer unseres ST\u00dcPS,<\/p>\n\n\n\n<p class=\"has-black-color has-text-color has-link-color wp-elements-c71f595b31040bf22a2036b9d04f91a1\">wir m\u00f6chten euch auf eine tolle Initiative aufmerksam machen! Wir haben am Wochenende einen B\u00fcchertausch-Schrank f\u00fcr unsere Kita aufgebaut. Der B\u00fcchertausch-Schrank steht drau\u00dfen vor dem Eingang unserer Kita und ist w\u00e4hrend der \u00d6ffnungszeiten des Kindergartens f\u00fcr euch und eure Kinder zug\u00e4nglich.<\/p>\n\n\n\n<p>Ihr k\u00f6nnt eure sehr gut erhaltenen Kinderb\u00fccher in das oberste Fach des B\u00fccherschranks stellen. Wir freuen uns sehr, dass unsere Kinder jetzt w\u00e4hrend der Kita-\u00d6ffnungszeiten jederzeit den B\u00fccherschrank nutzen und B\u00fccher tauschen k\u00f6nnen. Es ist toll, dass wir gemeinsam daf\u00fcr sorgen k\u00f6nnen, dass unsere Kinder Zugang zu einer Vielzahl von B\u00fcchern haben.<\/p>\n\n\n\n<p>Wenn ihr B\u00fccher habt, die ihr gerne spenden m\u00f6chtet, sind wir sehr dankbar daf\u00fcr. Aber auch wenn ihr kein Buch zum Tauschen habt, d\u00fcrft ihr euch gerne etwas aus dem B\u00fccherschrank nehmen.<\/p>\n\n\n\n<p>Wir freuen uns auf die Begeisterung unserer Kinder!<\/p>\n\n\n\n<p>Herzliche Gr\u00fc\u00dfe<br>Euer F\u00f6rderverein<\/p>\n","protected":false},"excerpt":{"rendered":"<p>Liebe Mitglieder, Freunde und F\u00f6rderer unseres ST\u00dcPS, wir m\u00f6chten euch auf eine tolle Initiative aufmerksam machen! Wir haben am Wochenende einen B\u00fcchertausch-Schrank f\u00fcr unsere Kita aufgebaut. Der B\u00fcchertausch-Schrank steht drau\u00dfen vor dem Eingang unserer Kita und ist w\u00e4hrend der \u00d6ffnungszeiten des Kindergartens f\u00fcr euch und eure Kinder zug\u00e4nglich. Ihr k\u00f6nnt eure sehr gut erhaltenen Kinderb\u00fccher &hellip; <\/p>\n<p class=\"read-more\"><a class=\"btn btn-default\" href=\"https:\/\/foerderverein-stueps-westig.de\/?p=262\"> Read More<span class=\"screen-reader-text\">  Read More<\/span><\/a><\/p>\n","protected":false},"author":1,"featured_media":263,"comment_status":"open","ping_status":"open","sticky":false,"template":"","format":"standard","meta":{"footnotes":""},"categories":[1],"tags":[],"class_list":["post-262","post","type-post","status-publish","format-standard","has-post-thumbnail","hentry","category-allgemein"],"_links":{"self":[{"href":"https:\/\/foerderverein-stueps-westig.de\/index.php?rest_route=\/wp\/v2\/posts\/262","targetHints":{"allow":["GET"]}}],"collection":[{"href":"https:\/\/foerderverein-stueps-westig.de\/index.php?rest_route=\/wp\/v2\/posts"}],"about":[{"href":"https:\/\/foerderverein-stueps-westig.de\/index.php?rest_route=\/wp\/v2\/types\/post"}],"author":[{"embeddable":true,"href":"https:\/\/foerderverein-stueps-westig.de\/index.php?rest_route=\/wp\/v2\/users\/1"}],"replies":[{"embeddable":true,"href":"https:\/\/foerderverein-stueps-westig.de\/index.php?rest_route=%2Fwp%2Fv2%2Fcomments&post=262"}],"version-history":[{"count":1,"href":"https:\/\/foerderverein-stueps-westig.de\/index.php?rest_route=\/wp\/v2\/posts\/262\/revisions"}],"predecessor-version":[{"id":264,"href":"https:\/\/foerderverein-stueps-westig.de\/index.php?rest_route=\/wp\/v2\/posts\/262\/revisions\/264"}],"wp:featuredmedia":[{"embeddable":true,"href":"https:\/\/foerderverein-stueps-westig.de\/index.php?rest_route=\/wp\/v2\/media\/263"}],"wp:attachment":[{"href":"https:\/\/foerderverein-stueps-westig.de\/index.php?rest_route=%2Fwp%2Fv2%2Fmedia&parent=262"}],"wp:term":[{"taxonomy":"category","embeddable":true,"href":"https:\/\/foerderverein-stueps-westig.de\/index.php?rest_route=%2Fwp%2Fv2%2Fcategories&post=262"},{"taxonomy":"post_tag","embeddable":true,"href":"https:\/\/foerderverein-stueps-westig.de\/index.php?rest_route=%2Fwp%2Fv2%2Ftags&post=262"}],"curies":[{"name":"wp","href":"https:\/\/api.w.org\/{rel}","templated":true}]}}