{"id":266,"date":"2025-11-28T10:24:32","date_gmt":"2025-11-28T09:24:32","guid":{"rendered":"https:\/\/foerderverein-stueps-westig.de\/?p=266"},"modified":"2025-11-28T10:24:32","modified_gmt":"2025-11-28T09:24:32","slug":"gesund-und-lecker","status":"publish","type":"post","link":"https:\/\/foerderverein-stueps-westig.de\/?p=266","title":{"rendered":"Gesund und Lecker"},"content":{"rendered":"\n<p>Wir unterst\u00fctzen unsere nachhaltige Kita!<\/p>\n\n\n\n<p>Der F\u00f6rderverein St\u00fcps Westig freut sich, dass wir unsere nachhaltige Kita bei einem wichtigen Projekt unterst\u00fctzen konnten! Wir haben leckeres M\u00fcsli von der Sundwiger M\u00fchle gesponsert, um den Kindern eine gesunde und regionale Ern\u00e4hrung zu erm\u00f6glichen.<\/p>\n\n\n\n<p>Wir haben uns f\u00fcr dieses M\u00fcsli entschieden, weil es nicht nur regional produziert wird, sondern auch besonders gesund ist. Im Gegensatz zu vielen Supermarkt-M\u00fcslis enth\u00e4lt unser neues M\u00fcsli weniger Zucker und daf\u00fcr ges\u00fcndere N\u00e4hrstoffe.<\/p>\n\n\n\n<p>Ab sofort gibt es das M\u00fcsli jeden Dienstag und Donnerstag zum Fr\u00fchst\u00fcck in der Kita. Wir sind gespannt, wie es bei den Kindern ankommt! Wir hoffen, dass sie es genauso lieben werden wie wir.<\/p>\n\n\n\n<p>Der F\u00f6rderverein St\u00fcps Westig unterst\u00fctzt die Kita bei verschiedenen Projekten und Initiativen, um den Kindern die bestm\u00f6gliche Betreuung und Bildung zu erm\u00f6glichen. Wenn Sie Interesse an unserem Verein haben oder mehr \u00fcber unsere Arbeit erfahren m\u00f6chten, stehe ich Ihnen gerne zur Verf\u00fcgung.<\/p>\n\n\n\n<p>Wir freuen uns auf Ihre Unterst\u00fctzung!<\/p>\n\n\n\n<p>Mit freundlichen Gr\u00fc\u00dfen,<br>Der F\u00f6rderverein St\u00fcps Westig<\/p>\n","protected":false},"excerpt":{"rendered":"<p>Wir unterst\u00fctzen unsere nachhaltige Kita! Der F\u00f6rderverein St\u00fcps Westig freut sich, dass wir unsere nachhaltige Kita bei einem wichtigen Projekt unterst\u00fctzen konnten! Wir haben leckeres M\u00fcsli von der Sundwiger M\u00fchle gesponsert, um den Kindern eine gesunde und regionale Ern\u00e4hrung zu erm\u00f6glichen. Wir haben uns f\u00fcr dieses M\u00fcsli entschieden, weil es nicht nur regional produziert wird, &hellip; <\/p>\n<p class=\"read-more\"><a class=\"btn btn-default\" href=\"https:\/\/foerderverein-stueps-westig.de\/?p=266\"> Read More<span class=\"screen-reader-text\">  Read More<\/span><\/a><\/p>\n","protected":false},"author":1,"featured_media":267,"comment_status":"open","ping_status":"open","sticky":false,"template":"","format":"standard","meta":{"footnotes":""},"categories":[1],"tags":[],"class_list":["post-266","post","type-post","status-publish","format-standard","has-post-thumbnail","hentry","category-allgemein"],"_links":{"self":[{"href":"https:\/\/foerderverein-stueps-westig.de\/index.php?rest_route=\/wp\/v2\/posts\/266","targetHints":{"allow":["GET"]}}],"collection":[{"href":"https:\/\/foerderverein-stueps-westig.de\/index.php?rest_route=\/wp\/v2\/posts"}],"about":[{"href":"https:\/\/foerderverein-stueps-westig.de\/index.php?rest_route=\/wp\/v2\/types\/post"}],"author":[{"embeddable":true,"href":"https:\/\/foerderverein-stueps-westig.de\/index.php?rest_route=\/wp\/v2\/users\/1"}],"replies":[{"embeddable":true,"href":"https:\/\/foerderverein-stueps-westig.de\/index.php?rest_route=%2Fwp%2Fv2%2Fcomments&post=266"}],"version-history":[{"count":1,"href":"https:\/\/foerderverein-stueps-westig.de\/index.php?rest_route=\/wp\/v2\/posts\/266\/revisions"}],"predecessor-version":[{"id":268,"href":"https:\/\/foerderverein-stueps-westig.de\/index.php?rest_route=\/wp\/v2\/posts\/266\/revisions\/268"}],"wp:featuredmedia":[{"embeddable":true,"href":"https:\/\/foerderverein-stueps-westig.de\/index.php?rest_route=\/wp\/v2\/media\/267"}],"wp:attachment":[{"href":"https:\/\/foerderverein-stueps-westig.de\/index.php?rest_route=%2Fwp%2Fv2%2Fmedia&parent=266"}],"wp:term":[{"taxonomy":"category","embeddable":true,"href":"https:\/\/foerderverein-stueps-westig.de\/index.php?rest_route=%2Fwp%2Fv2%2Fcategories&post=266"},{"taxonomy":"post_tag","embeddable":true,"href":"https:\/\/foerderverein-stueps-westig.de\/index.php?rest_route=%2Fwp%2Fv2%2Ftags&post=266"}],"curies":[{"name":"wp","href":"https:\/\/api.w.org\/{rel}","templated":true}]}}