{"id":269,"date":"2025-11-28T10:34:55","date_gmt":"2025-11-28T09:34:55","guid":{"rendered":"https:\/\/foerderverein-stueps-westig.de\/?p=269"},"modified":"2025-11-28T17:23:37","modified_gmt":"2025-11-28T16:23:37","slug":"alle-jahre-wieder-%f0%9f%8e%84","status":"publish","type":"post","link":"https:\/\/foerderverein-stueps-westig.de\/?p=269","title":{"rendered":"Alle Jahre wieder&#8230; \ud83c\udf84"},"content":{"rendered":"\n<p>Auch in diesem Jahr werden wir wieder, gemeinsam mit vielen ehrenamtlichen Helfern und dem Familienzentrum ST\u00dcPS, den Weihnachtsmarkt und den damit verbundenen Weihnachtsbaumverkauf veranstalten. Alle Einnahmen gehen sind zum Wohl unserer Kleinsten! <\/p>\n\n\n\n<p>Wer also noch einen Weihnachtsbaum \ud83c\udf84 kaufen m\u00f6chten, oder aber auch nur eine gute Zeit mit seinen Liebsten bei uns haben will:&nbsp;<\/p>\n\n\n\n<p>Am Samstag, den 13.12.2025 k\u00f6nnt ihr bei uns in der Kita&nbsp;<strong>Weihnachtsb\u00e4ume zu fairen Preisen<\/strong> kaufen und euch nebenbei noch eine leckere Kleinigkeit wie eine&nbsp;<em>deftige Erbsensuppe<\/em>, ein&nbsp;<em>leckeres W\u00fcrstchen<\/em> vom Grill&nbsp;<img loading=\"lazy\" decoding=\"async\" height=\"16\" width=\"16\" src=\"https:\/\/static.xx.fbcdn.net\/images\/emoji.php\/v9\/t7d\/1\/16\/1f32d.png\" alt=\"\ud83c\udf2d\">oder&nbsp;<em>fluffige Waffeln&nbsp;<\/em><img loading=\"lazy\" decoding=\"async\" height=\"16\" width=\"16\" src=\"https:\/\/static.xx.fbcdn.net\/images\/emoji.php\/v9\/tc5\/1\/16\/1f9c7.png\" alt=\"\ud83e\uddc7\">g\u00f6nnen!<\/p>\n\n\n\n<p><em>Gl\u00fchwein und Kakao<\/em>&nbsp;darf nat\u00fcrlich auch nicht fehlen&nbsp;<img loading=\"lazy\" decoding=\"async\" height=\"16\" width=\"16\" src=\"https:\/\/static.xx.fbcdn.net\/images\/emoji.php\/v9\/t57\/1\/16\/1f609.png\" alt=\"\ud83d\ude09\">&nbsp;F\u00fcr die kleinen G\u00e4ste gibt es&nbsp;<em>Kreativangebote<\/em> und vielleicht gibt es noch die ein oder andere \u00dcberraschung. (Es gibt Ger\u00fcchte, dass der&nbsp;<em>Nikolaus h\u00f6chstpers\u00f6nlich kommen k\u00f6nnte<\/em>!&nbsp;<img loading=\"lazy\" decoding=\"async\" height=\"16\" width=\"16\" src=\"https:\/\/static.xx.fbcdn.net\/images\/emoji.php\/v9\/t7\/1\/16\/1f384.png\" alt=\"\ud83c\udf84\"><img loading=\"lazy\" decoding=\"async\" height=\"16\" width=\"16\" src=\"https:\/\/static.xx.fbcdn.net\/images\/emoji.php\/v9\/t3\/1\/16\/1f385_1f3fb.png\" alt=\"\ud83c\udf85\ud83c\udffb\">)<\/p>\n\n\n\n<p>Das klingt nach viel Spa\u00df, oder? Also merkt euch den&nbsp;<strong>13.12.25 10-14 Uhr<\/strong>&nbsp;und kommt vorbei!&nbsp;<\/p>\n\n\n\n<p>Wir freuen uns auf jeden Besucher \u2665\ufe0f <\/p>\n\n\n\n<figure class=\"wp-block-image size-full\"><img decoding=\"async\" src=\"https:\/\/foerderverein-stueps-westig.de\/wp-content\/uploads\/2025\/11\/Poster_Weihnachtsdorf-2025-1.tiff\" alt=\"\" class=\"wp-image-273\"\/><\/figure>\n","protected":false},"excerpt":{"rendered":"<p>Auch in diesem Jahr werden wir wieder, gemeinsam mit vielen ehrenamtlichen Helfern und dem Familienzentrum ST\u00dcPS, den Weihnachtsmarkt und den damit verbundenen Weihnachtsbaumverkauf veranstalten. Alle Einnahmen gehen sind zum Wohl unserer Kleinsten! Wer also noch einen Weihnachtsbaum \ud83c\udf84 kaufen m\u00f6chten, oder aber auch nur eine gute Zeit mit seinen Liebsten bei uns haben will:&nbsp; Am &hellip; <\/p>\n<p class=\"read-more\"><a class=\"btn btn-default\" href=\"https:\/\/foerderverein-stueps-westig.de\/?p=269\"> Read More<span class=\"screen-reader-text\">  Read More<\/span><\/a><\/p>\n","protected":false},"author":1,"featured_media":270,"comment_status":"open","ping_status":"open","sticky":false,"template":"","format":"standard","meta":{"footnotes":""},"categories":[1],"tags":[],"class_list":["post-269","post","type-post","status-publish","format-standard","has-post-thumbnail","hentry","category-allgemein"],"_links":{"self":[{"href":"https:\/\/foerderverein-stueps-westig.de\/index.php?rest_route=\/wp\/v2\/posts\/269","targetHints":{"allow":["GET"]}}],"collection":[{"href":"https:\/\/foerderverein-stueps-westig.de\/index.php?rest_route=\/wp\/v2\/posts"}],"about":[{"href":"https:\/\/foerderverein-stueps-westig.de\/index.php?rest_route=\/wp\/v2\/types\/post"}],"author":[{"embeddable":true,"href":"https:\/\/foerderverein-stueps-westig.de\/index.php?rest_route=\/wp\/v2\/users\/1"}],"replies":[{"embeddable":true,"href":"https:\/\/foerderverein-stueps-westig.de\/index.php?rest_route=%2Fwp%2Fv2%2Fcomments&post=269"}],"version-history":[{"count":3,"href":"https:\/\/foerderverein-stueps-westig.de\/index.php?rest_route=\/wp\/v2\/posts\/269\/revisions"}],"predecessor-version":[{"id":274,"href":"https:\/\/foerderverein-stueps-westig.de\/index.php?rest_route=\/wp\/v2\/posts\/269\/revisions\/274"}],"wp:featuredmedia":[{"embeddable":true,"href":"https:\/\/foerderverein-stueps-westig.de\/index.php?rest_route=\/wp\/v2\/media\/270"}],"wp:attachment":[{"href":"https:\/\/foerderverein-stueps-westig.de\/index.php?rest_route=%2Fwp%2Fv2%2Fmedia&parent=269"}],"wp:term":[{"taxonomy":"category","embeddable":true,"href":"https:\/\/foerderverein-stueps-westig.de\/index.php?rest_route=%2Fwp%2Fv2%2Fcategories&post=269"},{"taxonomy":"post_tag","embeddable":true,"href":"https:\/\/foerderverein-stueps-westig.de\/index.php?rest_route=%2Fwp%2Fv2%2Ftags&post=269"}],"curies":[{"name":"wp","href":"https:\/\/api.w.org\/{rel}","templated":true}]}}