{"id":277,"date":"2025-12-06T07:20:27","date_gmt":"2025-12-06T06:20:27","guid":{"rendered":"https:\/\/foerderverein-stueps-westig.de\/?p=277"},"modified":"2025-12-06T07:20:27","modified_gmt":"2025-12-06T06:20:27","slug":"neuer-digitaler-bilderrahmen-in-der-eingangshalle","status":"publish","type":"post","link":"https:\/\/foerderverein-stueps-westig.de\/?p=277","title":{"rendered":"Neuer digitaler Bilderrahmen in der Eingangshalle"},"content":{"rendered":"\n<p>Der F\u00f6rderverein St\u00fcps Westig freut sich, dass wir auf Wunsch der Eltern einen digitalen Bilderrahmen angeschafft haben, der ab sofort in der Eingangshalle der Kita zu finden ist.<\/p>\n\n\n\n<p>Diese Ma\u00dfnahme ist eine direkte Umsetzung einer Anregung, die auf dem Elternabend im November 2025 ge\u00e4u\u00dfert wurde. Wir freuen uns, dass wir diese Idee so schnell umsetzen konnten und hoffen, dass sie den Eltern und Besuchern einen besseren Einblick in den Kita-Alltag gibt.<\/p>\n\n\n\n<p>Der digitale Bilderrahmen zeigt regelm\u00e4\u00dfig aktualisierte Fotos von verschiedenen Aktivit\u00e4ten und Ereignissen in der Kita, wie zum Beispiel von Projekten, Feiern und Alltagsmomenten. Dar\u00fcber hinaus k\u00f6nnen zuk\u00fcnftig auch wichtige Informationen und Aush\u00e4nge \u00fcber den Bilderrahmen angezeigt werden, um die Kommunikation zwischen der Kita und den Eltern zu verbessern.<\/p>\n\n\n\n<p>Ein gro\u00dfer Dank gilt auch der Erzieherin, die diesen Bilderrahmen stets mit neuen Fotos bef\u00fcllt! Wir wissen diese Arbeit sehr zu sch\u00e4tzen.<\/p>\n\n\n\n<p>Vorweihnachtliche Gr\u00fc\u00dfe<br>Euer F\u00f6rderverein St\u00fcps Westig<\/p>\n","protected":false},"excerpt":{"rendered":"<p>Der F\u00f6rderverein St\u00fcps Westig freut sich, dass wir auf Wunsch der Eltern einen digitalen Bilderrahmen angeschafft haben, der ab sofort in der Eingangshalle der Kita zu finden ist. Diese Ma\u00dfnahme ist eine direkte Umsetzung einer Anregung, die auf dem Elternabend im November 2025 ge\u00e4u\u00dfert wurde. Wir freuen uns, dass wir diese Idee so schnell umsetzen &hellip; <\/p>\n<p class=\"read-more\"><a class=\"btn btn-default\" href=\"https:\/\/foerderverein-stueps-westig.de\/?p=277\"> Read More<span class=\"screen-reader-text\">  Read More<\/span><\/a><\/p>\n","protected":false},"author":1,"featured_media":0,"comment_status":"open","ping_status":"open","sticky":false,"template":"","format":"standard","meta":{"footnotes":""},"categories":[1],"tags":[],"class_list":["post-277","post","type-post","status-publish","format-standard","hentry","category-allgemein"],"_links":{"self":[{"href":"https:\/\/foerderverein-stueps-westig.de\/index.php?rest_route=\/wp\/v2\/posts\/277","targetHints":{"allow":["GET"]}}],"collection":[{"href":"https:\/\/foerderverein-stueps-westig.de\/index.php?rest_route=\/wp\/v2\/posts"}],"about":[{"href":"https:\/\/foerderverein-stueps-westig.de\/index.php?rest_route=\/wp\/v2\/types\/post"}],"author":[{"embeddable":true,"href":"https:\/\/foerderverein-stueps-westig.de\/index.php?rest_route=\/wp\/v2\/users\/1"}],"replies":[{"embeddable":true,"href":"https:\/\/foerderverein-stueps-westig.de\/index.php?rest_route=%2Fwp%2Fv2%2Fcomments&post=277"}],"version-history":[{"count":1,"href":"https:\/\/foerderverein-stueps-westig.de\/index.php?rest_route=\/wp\/v2\/posts\/277\/revisions"}],"predecessor-version":[{"id":278,"href":"https:\/\/foerderverein-stueps-westig.de\/index.php?rest_route=\/wp\/v2\/posts\/277\/revisions\/278"}],"wp:attachment":[{"href":"https:\/\/foerderverein-stueps-westig.de\/index.php?rest_route=%2Fwp%2Fv2%2Fmedia&parent=277"}],"wp:term":[{"taxonomy":"category","embeddable":true,"href":"https:\/\/foerderverein-stueps-westig.de\/index.php?rest_route=%2Fwp%2Fv2%2Fcategories&post=277"},{"taxonomy":"post_tag","embeddable":true,"href":"https:\/\/foerderverein-stueps-westig.de\/index.php?rest_route=%2Fwp%2Fv2%2Ftags&post=277"}],"curies":[{"name":"wp","href":"https:\/\/api.w.org\/{rel}","templated":true}]}}