{"id":284,"date":"2025-12-23T11:28:14","date_gmt":"2025-12-23T10:28:14","guid":{"rendered":"https:\/\/foerderverein-stueps-westig.de\/?p=284"},"modified":"2025-12-23T11:28:14","modified_gmt":"2025-12-23T10:28:14","slug":"herzliche-weihnachtsgruesse","status":"publish","type":"post","link":"https:\/\/foerderverein-stueps-westig.de\/?p=284","title":{"rendered":"Herzliche Weihnachtsgr\u00fc\u00dfe"},"content":{"rendered":"\n<p>Liebe Mitglieder, liebe F\u00f6rderer, liebe Angestellte des St\u00fcps, liebe Freunde und Familien,<\/p>\n\n\n\n<p>der F\u00f6rderverein St\u00fcps Westig w\u00fcnscht euch allen ein wundervolles Weihnachtsfest und einen guten Rutsch ins neue Jahr! M\u00f6gen die Feiertage f\u00fcr euch eine Zeit der Ruhe, der Freude und der N\u00e4he zu euren Liebsten sein und euch strahlende Kinderaugen bringen!<\/p>\n\n\n\n<p>Wir m\u00f6chten uns bei allen bedanken, die unsere Aktionen in 2025 unterst\u00fctzt und erst m\u00f6glich gemacht haben. Eure Hilfe und euer Engagement haben uns erm\u00f6glicht, neben vielen Kleinigkeiten auch Highlights zu erm\u00f6glichen. Von Obst und M\u00fcsli \u00fcber einen neuen B\u00fccherschrank und Musikinstrumente wie Boomwhackers und neue Tonies bis hin zur Digitalisierung &#8211; wir haben viel erreicht! Der digitale Bilderrahmen erm\u00f6glicht es uns nun, mehr Einblicke in den Kita-Alltag zu geben und die Kommunikation zwischen der Kita und den Eltern zu verbessern. Ein besonderer H\u00f6hepunkt war sicherlich unser gelungenes Weihnachtsdorf, das wir gemeinsam mit euch und dem Kindergarten gestaltet haben.<\/p>\n\n\n\n<p>Wir freuen uns darauf, auch im Jahr 2026 gemeinsam mit euch f\u00fcr die Zukunft unserer Kinder zu arbeiten. Schon jetzt sind viele wunderbare Projekte in Planung, die wir nicht erwarten k\u00f6nnen, umzusetzen. Aber dazu bald mehr\u2026<br>Wir sind gespannt auf das, was das neue Jahr bringt, und freuen uns darauf, gemeinsam mit euch viele sch\u00f6ne Momente zu erleben!<\/p>\n\n\n\n<p>Mit herzlichen Gr\u00fc\u00dfen,<br>Euer F\u00f6rderverein St\u00fcps Westig<\/p>\n","protected":false},"excerpt":{"rendered":"<p>Liebe Mitglieder, liebe F\u00f6rderer, liebe Angestellte des St\u00fcps, liebe Freunde und Familien, der F\u00f6rderverein St\u00fcps Westig w\u00fcnscht euch allen ein wundervolles Weihnachtsfest und einen guten Rutsch ins neue Jahr! M\u00f6gen die Feiertage f\u00fcr euch eine Zeit der Ruhe, der Freude und der N\u00e4he zu euren Liebsten sein und euch strahlende Kinderaugen bringen! Wir m\u00f6chten uns &hellip; <\/p>\n<p class=\"read-more\"><a class=\"btn btn-default\" href=\"https:\/\/foerderverein-stueps-westig.de\/?p=284\"> Read More<span class=\"screen-reader-text\">  Read More<\/span><\/a><\/p>\n","protected":false},"author":1,"featured_media":285,"comment_status":"open","ping_status":"open","sticky":false,"template":"","format":"standard","meta":{"footnotes":""},"categories":[1],"tags":[7,11,12],"class_list":["post-284","post","type-post","status-publish","format-standard","has-post-thumbnail","hentry","category-allgemein","tag-stueps-westig","tag-unterstuezung","tag-weihnachstdorf"],"_links":{"self":[{"href":"https:\/\/foerderverein-stueps-westig.de\/index.php?rest_route=\/wp\/v2\/posts\/284","targetHints":{"allow":["GET"]}}],"collection":[{"href":"https:\/\/foerderverein-stueps-westig.de\/index.php?rest_route=\/wp\/v2\/posts"}],"about":[{"href":"https:\/\/foerderverein-stueps-westig.de\/index.php?rest_route=\/wp\/v2\/types\/post"}],"author":[{"embeddable":true,"href":"https:\/\/foerderverein-stueps-westig.de\/index.php?rest_route=\/wp\/v2\/users\/1"}],"replies":[{"embeddable":true,"href":"https:\/\/foerderverein-stueps-westig.de\/index.php?rest_route=%2Fwp%2Fv2%2Fcomments&post=284"}],"version-history":[{"count":1,"href":"https:\/\/foerderverein-stueps-westig.de\/index.php?rest_route=\/wp\/v2\/posts\/284\/revisions"}],"predecessor-version":[{"id":286,"href":"https:\/\/foerderverein-stueps-westig.de\/index.php?rest_route=\/wp\/v2\/posts\/284\/revisions\/286"}],"wp:featuredmedia":[{"embeddable":true,"href":"https:\/\/foerderverein-stueps-westig.de\/index.php?rest_route=\/wp\/v2\/media\/285"}],"wp:attachment":[{"href":"https:\/\/foerderverein-stueps-westig.de\/index.php?rest_route=%2Fwp%2Fv2%2Fmedia&parent=284"}],"wp:term":[{"taxonomy":"category","embeddable":true,"href":"https:\/\/foerderverein-stueps-westig.de\/index.php?rest_route=%2Fwp%2Fv2%2Fcategories&post=284"},{"taxonomy":"post_tag","embeddable":true,"href":"https:\/\/foerderverein-stueps-westig.de\/index.php?rest_route=%2Fwp%2Fv2%2Ftags&post=284"}],"curies":[{"name":"wp","href":"https:\/\/api.w.org\/{rel}","templated":true}]}}